{"id":4664,"date":"2023-07-01T09:30:20","date_gmt":"2023-07-01T07:30:20","guid":{"rendered":"https:\/\/bmwvoorelkaar.nl\/bez-kategorii\/toeslagenwet-uwv-ustawa-o-dodatkach-socjalnych\/"},"modified":"2023-01-01T09:30:20","modified_gmt":"2023-01-01T08:30:20","slug":"toeslagenwet-uwv-ustawa-o-dodatkach-socjalnych","status":"publish","type":"post","link":"https:\/\/bmwvoorelkaar.nl\/pl\/de-sociale-raadsvrouw-pl\/toeslagenwet-uwv-ustawa-o-dodatkach-socjalnych\/","title":{"rendered":"Toeslagenwet UWV (ustawa o dodatkach socjalnych)"},"content":{"rendered":"<p>Toeslag, czyli dodatek, to \u015bwiadczenie uzupe\u0142niaj\u0105ce dochody.<\/p>\n<p>Je\u017celi wskutek choroby, WW, WIA, WAO, Wajong (bezrobocia, niezdolno\u015bci do pracy itp.) Twoje dochody spadn\u0105 poni\u017cej obowi\u0105zuj\u0105cego minimum socjalnego, masz prawo do ich uzupe\u0142nienia z tytu\u0142u Toeslagenwet (ustawa o dodatkach socjalnych). \u015awiadczenie wyr\u00f3wnuje doch\u00f3d do obowi\u0105zuj\u0105cego <a href=\"https:\/\/bmwvoorelkaar.nl\/pl\/de-sociale-raadsvrouw-pl\/ustawa-o-minimum-socjalnym-pomocy-finansowej-lub-participatiewet-ustawa-o-aktywizacji-zawodowej-1-stycznia-2023-r\/\" target=\"_blank\" rel=\"noopener\">minimum socjalnego<\/a> lub ostatniego uzyskiwanego wynagrodzenia, je\u015bli by\u0142o ono ni\u017csze od tego minimum. Wniosek o \u015bwiadczenie nale\u017cy z\u0142o\u017cy\u0107 w Werkplein (w przypadku bezrobocia) lub w UWV (w przypadku choroby). Wi\u0119cej informacji znajduje si\u0119 na stronie <a href=\"https:\/\/www.uwv.nl\/particulieren\/\" target=\"_blank\" rel=\"noopener\">www.uwv.nl<\/a>, w sekcji formulieren (formularze), aanvulling inkomen (\u015bwiadczenia uzupe\u0142niaj\u0105ce).<\/p>\n<p>Wniosek o dodatek nale\u017cy z\u0142o\u017cy\u0107 w UWV w terminie 6 tygodni od daty przyznania \u015bwiadczenia. Mo\u017cna to zrobi\u0107 online przy u\u017cyciu identyfikatora DigiD. Wniosek z\u0142o\u017cony po up\u0142ywie 6 tygodni uznaje si\u0119 za nieterminowy. W rezultacie UWV mo\u017ce czasowo obni\u017cy\u0107 przyznany dodatek. Co prawda otrzymasz dodatek z moc\u0105 wsteczn\u0105, jednak przez pewien czas b\u0119dzie on ni\u017cszy.<\/p>\n<p><strong>Uwaga!<\/strong> Masz obowi\u0105zek przekazywania informacji. W ci\u0105gu tygodnia od zmiany kwoty dochodu musisz poinformowa\u0107 o tym UWV.<\/p>\n<p>Formularz wniosku z tytu\u0142u Toeslagenwet (ustawa o dodatkach socjalnych) do UWV <a href=\"http:\/\/www.uwv.nl\/particulieren\/formulieren\/aanvragen-toeslag.aspx\" target=\"_blank\" rel=\"noopener\">https:\/\/www.uwv.nl\/particulieren\/formulieren\/aanvragen-toeslag.aspx<\/a><\/p>\n","protected":false},"excerpt":{"rendered":"<p>Toeslag, czyli dodatek, to \u015bwiadczenie uzupe\u0142niaj\u0105ce dochody. Je\u017celi wskutek choroby, WW, WIA, WAO, Wajong (bezrobocia, niezdolno\u015bci do pracy itp.) Twoje&#8230;<\/p>\n","protected":false},"author":1,"featured_media":3737,"comment_status":"closed","ping_status":"closed","sticky":false,"template":"","format":"standard","meta":{"_acf_changed":false,"footnotes":""},"categories":[41],"tags":[],"class_list":["post-4664","post","type-post","status-publish","format-standard","has-post-thumbnail","hentry","category-de-sociale-raadsvrouw-pl"],"acf":[],"yoast_head":"<!-- This site is optimized with the Yoast SEO plugin v27.5 - https:\/\/yoast.com\/product\/yoast-seo-wordpress\/ -->\n<title>Toeslagenwet UWV (ustawa o dodatkach socjalnych) - BMW Voor Elkaar<\/title>\n<meta name=\"robots\" content=\"index, follow, max-snippet:-1, max-image-preview:large, max-video-preview:-1\" \/>\n<link rel=\"canonical\" href=\"https:\/\/bmwvoorelkaar.nl\/pl\/de-sociale-raadsvrouw-pl\/toeslagenwet-uwv-ustawa-o-dodatkach-socjalnych\/\" \/>\n<meta property=\"og:locale\" content=\"pl_PL\" \/>\n<meta property=\"og:type\" content=\"article\" \/>\n<meta property=\"og:title\" content=\"Toeslagenwet UWV (ustawa o dodatkach socjalnych) - BMW Voor Elkaar\" \/>\n<meta property=\"og:description\" content=\"Toeslag, czyli dodatek, to \u015bwiadczenie uzupe\u0142niaj\u0105ce dochody. Je\u017celi wskutek choroby, WW, WIA, WAO, Wajong (bezrobocia, niezdolno\u015bci do pracy itp.) Twoje...\" \/>\n<meta property=\"og:url\" content=\"https:\/\/bmwvoorelkaar.nl\/pl\/de-sociale-raadsvrouw-pl\/toeslagenwet-uwv-ustawa-o-dodatkach-socjalnych\/\" \/>\n<meta property=\"og:site_name\" content=\"BMW Voor Elkaar\" \/>\n<meta property=\"article:published_time\" content=\"2023-07-01T07:30:20+00:00\" \/>\n<meta property=\"og:image\" content=\"https:\/\/bmwvoorelkaar.nl\/wp-content\/uploads\/2022\/03\/shutterstock_1368244235.jpg\" \/>\n\t<meta property=\"og:image:width\" content=\"1800\" \/>\n\t<meta property=\"og:image:height\" content=\"1200\" \/>\n\t<meta property=\"og:image:type\" content=\"image\/jpeg\" \/>\n<meta name=\"author\" content=\"cc_admin\" \/>\n<meta name=\"twitter:card\" content=\"summary_large_image\" \/>\n<meta name=\"twitter:label1\" content=\"Napisane przez\" \/>\n\t<meta name=\"twitter:data1\" content=\"cc_admin\" \/>\n\t<meta name=\"twitter:label2\" content=\"Szacowany czas czytania\" \/>\n\t<meta name=\"twitter:data2\" content=\"1 minuta\" \/>\n<script type=\"application\/ld+json\" class=\"yoast-schema-graph\">{\"@context\":\"https:\\\/\\\/schema.org\",\"@graph\":[{\"@type\":\"Article\",\"@id\":\"https:\\\/\\\/bmwvoorelkaar.nl\\\/pl\\\/de-sociale-raadsvrouw-pl\\\/toeslagenwet-uwv-ustawa-o-dodatkach-socjalnych\\\/#article\",\"isPartOf\":{\"@id\":\"https:\\\/\\\/bmwvoorelkaar.nl\\\/pl\\\/de-sociale-raadsvrouw-pl\\\/toeslagenwet-uwv-ustawa-o-dodatkach-socjalnych\\\/\"},\"author\":{\"name\":\"cc_admin\",\"@id\":\"https:\\\/\\\/bmwvoorelkaar.nl\\\/pl\\\/#\\\/schema\\\/person\\\/d5b662a32d1b510d9f2741b9f0705532\"},\"headline\":\"Toeslagenwet UWV (ustawa o dodatkach socjalnych)\",\"datePublished\":\"2023-07-01T07:30:20+00:00\",\"mainEntityOfPage\":{\"@id\":\"https:\\\/\\\/bmwvoorelkaar.nl\\\/pl\\\/de-sociale-raadsvrouw-pl\\\/toeslagenwet-uwv-ustawa-o-dodatkach-socjalnych\\\/\"},\"wordCount\":221,\"image\":{\"@id\":\"https:\\\/\\\/bmwvoorelkaar.nl\\\/pl\\\/de-sociale-raadsvrouw-pl\\\/toeslagenwet-uwv-ustawa-o-dodatkach-socjalnych\\\/#primaryimage\"},\"thumbnailUrl\":\"https:\\\/\\\/bmwvoorelkaar.nl\\\/wp-content\\\/uploads\\\/2022\\\/03\\\/shutterstock_1368244235.jpg\",\"articleSection\":[\"De Sociale Raadsvrouw\"],\"inLanguage\":\"pl-PL\"},{\"@type\":\"WebPage\",\"@id\":\"https:\\\/\\\/bmwvoorelkaar.nl\\\/pl\\\/de-sociale-raadsvrouw-pl\\\/toeslagenwet-uwv-ustawa-o-dodatkach-socjalnych\\\/\",\"url\":\"https:\\\/\\\/bmwvoorelkaar.nl\\\/pl\\\/de-sociale-raadsvrouw-pl\\\/toeslagenwet-uwv-ustawa-o-dodatkach-socjalnych\\\/\",\"name\":\"Toeslagenwet UWV (ustawa o dodatkach socjalnych) - BMW Voor Elkaar\",\"isPartOf\":{\"@id\":\"https:\\\/\\\/bmwvoorelkaar.nl\\\/pl\\\/#website\"},\"primaryImageOfPage\":{\"@id\":\"https:\\\/\\\/bmwvoorelkaar.nl\\\/pl\\\/de-sociale-raadsvrouw-pl\\\/toeslagenwet-uwv-ustawa-o-dodatkach-socjalnych\\\/#primaryimage\"},\"image\":{\"@id\":\"https:\\\/\\\/bmwvoorelkaar.nl\\\/pl\\\/de-sociale-raadsvrouw-pl\\\/toeslagenwet-uwv-ustawa-o-dodatkach-socjalnych\\\/#primaryimage\"},\"thumbnailUrl\":\"https:\\\/\\\/bmwvoorelkaar.nl\\\/wp-content\\\/uploads\\\/2022\\\/03\\\/shutterstock_1368244235.jpg\",\"datePublished\":\"2023-07-01T07:30:20+00:00\",\"author\":{\"@id\":\"https:\\\/\\\/bmwvoorelkaar.nl\\\/pl\\\/#\\\/schema\\\/person\\\/d5b662a32d1b510d9f2741b9f0705532\"},\"breadcrumb\":{\"@id\":\"https:\\\/\\\/bmwvoorelkaar.nl\\\/pl\\\/de-sociale-raadsvrouw-pl\\\/toeslagenwet-uwv-ustawa-o-dodatkach-socjalnych\\\/#breadcrumb\"},\"inLanguage\":\"pl-PL\",\"potentialAction\":[{\"@type\":\"ReadAction\",\"target\":[\"https:\\\/\\\/bmwvoorelkaar.nl\\\/pl\\\/de-sociale-raadsvrouw-pl\\\/toeslagenwet-uwv-ustawa-o-dodatkach-socjalnych\\\/\"]}]},{\"@type\":\"ImageObject\",\"inLanguage\":\"pl-PL\",\"@id\":\"https:\\\/\\\/bmwvoorelkaar.nl\\\/pl\\\/de-sociale-raadsvrouw-pl\\\/toeslagenwet-uwv-ustawa-o-dodatkach-socjalnych\\\/#primaryimage\",\"url\":\"https:\\\/\\\/bmwvoorelkaar.nl\\\/wp-content\\\/uploads\\\/2022\\\/03\\\/shutterstock_1368244235.jpg\",\"contentUrl\":\"https:\\\/\\\/bmwvoorelkaar.nl\\\/wp-content\\\/uploads\\\/2022\\\/03\\\/shutterstock_1368244235.jpg\",\"width\":1800,\"height\":1200},{\"@type\":\"BreadcrumbList\",\"@id\":\"https:\\\/\\\/bmwvoorelkaar.nl\\\/pl\\\/de-sociale-raadsvrouw-pl\\\/toeslagenwet-uwv-ustawa-o-dodatkach-socjalnych\\\/#breadcrumb\",\"itemListElement\":[{\"@type\":\"ListItem\",\"position\":1,\"name\":\"BMW\",\"item\":\"https:\\\/\\\/bmwvoorelkaar.nl\\\/pl\\\/\"},{\"@type\":\"ListItem\",\"position\":2,\"name\":\"Regulamin i postanowienia 2023\",\"item\":\"https:\\\/\\\/bmwvoorelkaar.nl\\\/pl\\\/\"},{\"@type\":\"ListItem\",\"position\":3,\"name\":\"Toeslagenwet UWV (ustawa o dodatkach socjalnych)\"}]},{\"@type\":\"WebSite\",\"@id\":\"https:\\\/\\\/bmwvoorelkaar.nl\\\/pl\\\/#website\",\"url\":\"https:\\\/\\\/bmwvoorelkaar.nl\\\/pl\\\/\",\"name\":\"BMW Voor Elkaar\",\"description\":\"de sociale raadsvrouw\",\"potentialAction\":[{\"@type\":\"SearchAction\",\"target\":{\"@type\":\"EntryPoint\",\"urlTemplate\":\"https:\\\/\\\/bmwvoorelkaar.nl\\\/pl\\\/?s={search_term_string}\"},\"query-input\":{\"@type\":\"PropertyValueSpecification\",\"valueRequired\":true,\"valueName\":\"search_term_string\"}}],\"inLanguage\":\"pl-PL\"},{\"@type\":\"Person\",\"@id\":\"https:\\\/\\\/bmwvoorelkaar.nl\\\/pl\\\/#\\\/schema\\\/person\\\/d5b662a32d1b510d9f2741b9f0705532\",\"name\":\"cc_admin\"}]}<\/script>\n<!-- \/ Yoast SEO plugin. -->","yoast_head_json":{"title":"Toeslagenwet UWV (ustawa o dodatkach socjalnych) - BMW Voor Elkaar","robots":{"index":"index","follow":"follow","max-snippet":"max-snippet:-1","max-image-preview":"max-image-preview:large","max-video-preview":"max-video-preview:-1"},"canonical":"https:\/\/bmwvoorelkaar.nl\/pl\/de-sociale-raadsvrouw-pl\/toeslagenwet-uwv-ustawa-o-dodatkach-socjalnych\/","og_locale":"pl_PL","og_type":"article","og_title":"Toeslagenwet UWV (ustawa o dodatkach socjalnych) - BMW Voor Elkaar","og_description":"Toeslag, czyli dodatek, to \u015bwiadczenie uzupe\u0142niaj\u0105ce dochody. Je\u017celi wskutek choroby, WW, WIA, WAO, Wajong (bezrobocia, niezdolno\u015bci do pracy itp.) Twoje...","og_url":"https:\/\/bmwvoorelkaar.nl\/pl\/de-sociale-raadsvrouw-pl\/toeslagenwet-uwv-ustawa-o-dodatkach-socjalnych\/","og_site_name":"BMW Voor Elkaar","article_published_time":"2023-07-01T07:30:20+00:00","og_image":[{"width":1800,"height":1200,"url":"https:\/\/bmwvoorelkaar.nl\/wp-content\/uploads\/2022\/03\/shutterstock_1368244235.jpg","type":"image\/jpeg"}],"author":"cc_admin","twitter_card":"summary_large_image","twitter_misc":{"Napisane przez":"cc_admin","Szacowany czas czytania":"1 minuta"},"schema":{"@context":"https:\/\/schema.org","@graph":[{"@type":"Article","@id":"https:\/\/bmwvoorelkaar.nl\/pl\/de-sociale-raadsvrouw-pl\/toeslagenwet-uwv-ustawa-o-dodatkach-socjalnych\/#article","isPartOf":{"@id":"https:\/\/bmwvoorelkaar.nl\/pl\/de-sociale-raadsvrouw-pl\/toeslagenwet-uwv-ustawa-o-dodatkach-socjalnych\/"},"author":{"name":"cc_admin","@id":"https:\/\/bmwvoorelkaar.nl\/pl\/#\/schema\/person\/d5b662a32d1b510d9f2741b9f0705532"},"headline":"Toeslagenwet UWV (ustawa o dodatkach socjalnych)","datePublished":"2023-07-01T07:30:20+00:00","mainEntityOfPage":{"@id":"https:\/\/bmwvoorelkaar.nl\/pl\/de-sociale-raadsvrouw-pl\/toeslagenwet-uwv-ustawa-o-dodatkach-socjalnych\/"},"wordCount":221,"image":{"@id":"https:\/\/bmwvoorelkaar.nl\/pl\/de-sociale-raadsvrouw-pl\/toeslagenwet-uwv-ustawa-o-dodatkach-socjalnych\/#primaryimage"},"thumbnailUrl":"https:\/\/bmwvoorelkaar.nl\/wp-content\/uploads\/2022\/03\/shutterstock_1368244235.jpg","articleSection":["De Sociale Raadsvrouw"],"inLanguage":"pl-PL"},{"@type":"WebPage","@id":"https:\/\/bmwvoorelkaar.nl\/pl\/de-sociale-raadsvrouw-pl\/toeslagenwet-uwv-ustawa-o-dodatkach-socjalnych\/","url":"https:\/\/bmwvoorelkaar.nl\/pl\/de-sociale-raadsvrouw-pl\/toeslagenwet-uwv-ustawa-o-dodatkach-socjalnych\/","name":"Toeslagenwet UWV (ustawa o dodatkach socjalnych) - BMW Voor Elkaar","isPartOf":{"@id":"https:\/\/bmwvoorelkaar.nl\/pl\/#website"},"primaryImageOfPage":{"@id":"https:\/\/bmwvoorelkaar.nl\/pl\/de-sociale-raadsvrouw-pl\/toeslagenwet-uwv-ustawa-o-dodatkach-socjalnych\/#primaryimage"},"image":{"@id":"https:\/\/bmwvoorelkaar.nl\/pl\/de-sociale-raadsvrouw-pl\/toeslagenwet-uwv-ustawa-o-dodatkach-socjalnych\/#primaryimage"},"thumbnailUrl":"https:\/\/bmwvoorelkaar.nl\/wp-content\/uploads\/2022\/03\/shutterstock_1368244235.jpg","datePublished":"2023-07-01T07:30:20+00:00","author":{"@id":"https:\/\/bmwvoorelkaar.nl\/pl\/#\/schema\/person\/d5b662a32d1b510d9f2741b9f0705532"},"breadcrumb":{"@id":"https:\/\/bmwvoorelkaar.nl\/pl\/de-sociale-raadsvrouw-pl\/toeslagenwet-uwv-ustawa-o-dodatkach-socjalnych\/#breadcrumb"},"inLanguage":"pl-PL","potentialAction":[{"@type":"ReadAction","target":["https:\/\/bmwvoorelkaar.nl\/pl\/de-sociale-raadsvrouw-pl\/toeslagenwet-uwv-ustawa-o-dodatkach-socjalnych\/"]}]},{"@type":"ImageObject","inLanguage":"pl-PL","@id":"https:\/\/bmwvoorelkaar.nl\/pl\/de-sociale-raadsvrouw-pl\/toeslagenwet-uwv-ustawa-o-dodatkach-socjalnych\/#primaryimage","url":"https:\/\/bmwvoorelkaar.nl\/wp-content\/uploads\/2022\/03\/shutterstock_1368244235.jpg","contentUrl":"https:\/\/bmwvoorelkaar.nl\/wp-content\/uploads\/2022\/03\/shutterstock_1368244235.jpg","width":1800,"height":1200},{"@type":"BreadcrumbList","@id":"https:\/\/bmwvoorelkaar.nl\/pl\/de-sociale-raadsvrouw-pl\/toeslagenwet-uwv-ustawa-o-dodatkach-socjalnych\/#breadcrumb","itemListElement":[{"@type":"ListItem","position":1,"name":"BMW","item":"https:\/\/bmwvoorelkaar.nl\/pl\/"},{"@type":"ListItem","position":2,"name":"Regulamin i postanowienia 2023","item":"https:\/\/bmwvoorelkaar.nl\/pl\/"},{"@type":"ListItem","position":3,"name":"Toeslagenwet UWV (ustawa o dodatkach socjalnych)"}]},{"@type":"WebSite","@id":"https:\/\/bmwvoorelkaar.nl\/pl\/#website","url":"https:\/\/bmwvoorelkaar.nl\/pl\/","name":"BMW Voor Elkaar","description":"de sociale raadsvrouw","potentialAction":[{"@type":"SearchAction","target":{"@type":"EntryPoint","urlTemplate":"https:\/\/bmwvoorelkaar.nl\/pl\/?s={search_term_string}"},"query-input":{"@type":"PropertyValueSpecification","valueRequired":true,"valueName":"search_term_string"}}],"inLanguage":"pl-PL"},{"@type":"Person","@id":"https:\/\/bmwvoorelkaar.nl\/pl\/#\/schema\/person\/d5b662a32d1b510d9f2741b9f0705532","name":"cc_admin"}]}},"_links":{"self":[{"href":"https:\/\/bmwvoorelkaar.nl\/pl\/wp-json\/wp\/v2\/posts\/4664","targetHints":{"allow":["GET"]}}],"collection":[{"href":"https:\/\/bmwvoorelkaar.nl\/pl\/wp-json\/wp\/v2\/posts"}],"about":[{"href":"https:\/\/bmwvoorelkaar.nl\/pl\/wp-json\/wp\/v2\/types\/post"}],"author":[{"embeddable":true,"href":"https:\/\/bmwvoorelkaar.nl\/pl\/wp-json\/wp\/v2\/users\/1"}],"replies":[{"embeddable":true,"href":"https:\/\/bmwvoorelkaar.nl\/pl\/wp-json\/wp\/v2\/comments?post=4664"}],"version-history":[{"count":0,"href":"https:\/\/bmwvoorelkaar.nl\/pl\/wp-json\/wp\/v2\/posts\/4664\/revisions"}],"wp:featuredmedia":[{"embeddable":true,"href":"https:\/\/bmwvoorelkaar.nl\/pl\/wp-json\/wp\/v2\/media\/3737"}],"wp:attachment":[{"href":"https:\/\/bmwvoorelkaar.nl\/pl\/wp-json\/wp\/v2\/media?parent=4664"}],"wp:term":[{"taxonomy":"category","embeddable":true,"href":"https:\/\/bmwvoorelkaar.nl\/pl\/wp-json\/wp\/v2\/categories?post=4664"},{"taxonomy":"post_tag","embeddable":true,"href":"https:\/\/bmwvoorelkaar.nl\/pl\/wp-json\/wp\/v2\/tags?post=4664"}],"curies":[{"name":"wp","href":"https:\/\/api.w.org\/{rel}","templated":true}]}}