{"id":4668,"date":"2023-07-01T09:00:21","date_gmt":"2023-07-01T07:00:21","guid":{"rendered":"https:\/\/bmwvoorelkaar.nl\/bez-kategorii\/ksiazka-rachunkowa-to-wymierne-oszczednosci\/"},"modified":"2023-01-01T09:00:21","modified_gmt":"2023-01-01T08:00:21","slug":"ksiazka-rachunkowa-to-wymierne-oszczednosci","status":"publish","type":"post","link":"https:\/\/bmwvoorelkaar.nl\/pl\/de-sociale-raadsvrouw-pl\/ksiazka-rachunkowa-to-wymierne-oszczednosci\/","title":{"rendered":"Ksi\u0105\u017cka rachunkowa to wymierne oszcz\u0119dno\u015bci!"},"content":{"rendered":"<p>W okre\u015blonym dniu tygodnia pobieraj z konta sta\u0142\u0105 kwot\u0119, a p\u00f3\u017aniej ju\u017c \u017cadnej przez ca\u0142y tydzie\u0144. Mo\u017ce to by\u0107 na przyk\u0142ad 50 euro. Gdy w danym dniu zrobisz zakupy za 5 euro, odejmujesz je od sumy 50 euro, co daje 45 euro. Tyle musi Ci wystarczy\u0107 na kolejne 6 dni&#8230;<\/p>\n\n<table id=\"tablepress-12\" class=\"tablepress tablepress-id-12\">\n<thead>\n<tr class=\"row-1\">\n\t<th class=\"column-1\">Data<\/th><th class=\"column-2\">Kwota tygodniowa: 7 dni<\/th><th class=\"column-3\">Dzienna kwota do wydania<\/th><th class=\"column-4\">Zakupy<\/th>\n<\/tr>\n<\/thead>\n<tbody class=\"row-striping row-hover\">\n<tr class=\"row-2\">\n\t<td class=\"column-1\">1 stycze\u0144<\/td><td class=\"column-2\">50 euro 7 dni<\/td><td class=\"column-3\">7,14 euro na dzie\u0144<\/td><td class=\"column-4\">wydano 5 euro<\/td>\n<\/tr>\n<tr class=\"row-3\">\n\t<td class=\"column-1\">2 stycze\u0144<\/td><td class=\"column-2\">45 euro 6 dni<\/td><td class=\"column-3\">7,50 euro na dzie\u0144<\/td><td class=\"column-4\">wydano 6 euro<\/td>\n<\/tr>\n<tr class=\"row-4\">\n\t<td class=\"column-1\">3 stycze\u0144<\/td><td class=\"column-2\">39 euro 5 dni<\/td><td class=\"column-3\">7,80 euro na dzie\u0144<\/td><td class=\"column-4\">wydano 7 euro<\/td>\n<\/tr>\n<tr class=\"row-5\">\n\t<td class=\"column-1\">4 stycze\u0144<\/td><td class=\"column-2\">32 euro 4 dni<\/td><td class=\"column-3\">8 euro na dzie\u0144<\/td><td class=\"column-4\">-<\/td>\n<\/tr>\n<tr class=\"row-6\">\n\t<td class=\"column-1\">5 stycze\u0144<\/td><td class=\"column-2\">-<\/td><td class=\"column-3\">-<\/td><td class=\"column-4\">-<\/td>\n<\/tr>\n<tr class=\"row-7\">\n\t<td class=\"column-1\">6 stycze\u0144<\/td><td class=\"column-2\">-<\/td><td class=\"column-3\">-<\/td><td class=\"column-4\">-<\/td>\n<\/tr>\n<tr class=\"row-8\">\n\t<td class=\"column-1\">7 stycze\u0144<\/td><td class=\"column-2\">-<\/td><td class=\"column-3\">-<\/td><td class=\"column-4\">-<\/td>\n<\/tr>\n<\/tbody>\n<\/table>\n<!-- #tablepress-12 from cache -->\n<p><strong>\u2026 i tak dalej. Ewentualn\u0105 nadwy\u017ck\u0119 przenie\u015b na nast\u0119pny tydzie\u0144 lub od\u0142\u00f3\u017c na poczet oszcz\u0119dno\u015bci.<\/strong><\/p>\n<p>W nowym tygodniu ponownie wybierz sta\u0142\u0105 kwot\u0119 i uzupe\u0142nij swoj\u0105 ksi\u0105\u017ck\u0119 rachunkow\u0105. Praktycznym rozwi\u0105zaniem jest planowanie tygodniowego jad\u0142ospisu przy u\u017cyciu gazetek promocyjnych z supermarket\u00f3w.<\/p>\n<p>Poznaj nasz\u0105 praktyczn\u0105 aplikacj\u0119 do prowadzenia ksi\u0105\u017cki rachunkowej. <a href=\"https:\/\/bmwvoorelkaar.nl\/de-sociale-raadsvrouw\/de-dsr-budgetmanager\/\" target=\"_blank\" rel=\"noopener\">https:\/\/bmwvoorelkaar.nl\/de-sociale-raadsvrouw\/de-dsr-budgetmanager\/<\/a><\/p>\n","protected":false},"excerpt":{"rendered":"<p>W okre\u015blonym dniu tygodnia pobieraj z konta sta\u0142\u0105 kwot\u0119, a p\u00f3\u017aniej ju\u017c \u017cadnej przez ca\u0142y tydzie\u0144. Mo\u017ce to by\u0107 na&#8230;<\/p>\n","protected":false},"author":1,"featured_media":3765,"comment_status":"closed","ping_status":"closed","sticky":false,"template":"","format":"standard","meta":{"_acf_changed":false,"footnotes":""},"categories":[41],"tags":[],"class_list":["post-4668","post","type-post","status-publish","format-standard","has-post-thumbnail","hentry","category-de-sociale-raadsvrouw-pl"],"acf":[],"yoast_head":"<!-- This site is optimized with the Yoast SEO plugin v27.5 - https:\/\/yoast.com\/product\/yoast-seo-wordpress\/ -->\n<title>Ksi\u0105\u017cka rachunkowa to wymierne oszcz\u0119dno\u015bci! - BMW Voor Elkaar<\/title>\n<meta name=\"robots\" content=\"index, follow, max-snippet:-1, max-image-preview:large, max-video-preview:-1\" \/>\n<link rel=\"canonical\" href=\"https:\/\/bmwvoorelkaar.nl\/pl\/de-sociale-raadsvrouw-pl\/ksiazka-rachunkowa-to-wymierne-oszczednosci\/\" \/>\n<meta property=\"og:locale\" content=\"pl_PL\" \/>\n<meta property=\"og:type\" content=\"article\" \/>\n<meta property=\"og:title\" content=\"Ksi\u0105\u017cka rachunkowa to wymierne oszcz\u0119dno\u015bci! - BMW Voor Elkaar\" \/>\n<meta property=\"og:description\" content=\"W okre\u015blonym dniu tygodnia pobieraj z konta sta\u0142\u0105 kwot\u0119, a p\u00f3\u017aniej ju\u017c \u017cadnej przez ca\u0142y tydzie\u0144. Mo\u017ce to by\u0107 na...\" \/>\n<meta property=\"og:url\" content=\"https:\/\/bmwvoorelkaar.nl\/pl\/de-sociale-raadsvrouw-pl\/ksiazka-rachunkowa-to-wymierne-oszczednosci\/\" \/>\n<meta property=\"og:site_name\" content=\"BMW Voor Elkaar\" \/>\n<meta property=\"article:published_time\" content=\"2023-07-01T07:00:21+00:00\" \/>\n<meta property=\"og:image\" content=\"https:\/\/bmwvoorelkaar.nl\/wp-content\/uploads\/2022\/03\/shutterstock_1575538951.jpg\" \/>\n\t<meta property=\"og:image:width\" content=\"1800\" \/>\n\t<meta property=\"og:image:height\" content=\"1200\" \/>\n\t<meta property=\"og:image:type\" content=\"image\/jpeg\" \/>\n<meta name=\"author\" content=\"cc_admin\" \/>\n<meta name=\"twitter:card\" content=\"summary_large_image\" \/>\n<meta name=\"twitter:label1\" content=\"Napisane przez\" \/>\n\t<meta name=\"twitter:data1\" content=\"cc_admin\" \/>\n\t<meta name=\"twitter:label2\" content=\"Szacowany czas czytania\" \/>\n\t<meta name=\"twitter:data2\" content=\"1 minuta\" \/>\n<script type=\"application\/ld+json\" class=\"yoast-schema-graph\">{\"@context\":\"https:\\\/\\\/schema.org\",\"@graph\":[{\"@type\":\"Article\",\"@id\":\"https:\\\/\\\/bmwvoorelkaar.nl\\\/pl\\\/de-sociale-raadsvrouw-pl\\\/ksiazka-rachunkowa-to-wymierne-oszczednosci\\\/#article\",\"isPartOf\":{\"@id\":\"https:\\\/\\\/bmwvoorelkaar.nl\\\/pl\\\/de-sociale-raadsvrouw-pl\\\/ksiazka-rachunkowa-to-wymierne-oszczednosci\\\/\"},\"author\":{\"name\":\"cc_admin\",\"@id\":\"https:\\\/\\\/bmwvoorelkaar.nl\\\/pl\\\/#\\\/schema\\\/person\\\/d5b662a32d1b510d9f2741b9f0705532\"},\"headline\":\"Ksi\u0105\u017cka rachunkowa to wymierne oszcz\u0119dno\u015bci!\",\"datePublished\":\"2023-07-01T07:00:21+00:00\",\"mainEntityOfPage\":{\"@id\":\"https:\\\/\\\/bmwvoorelkaar.nl\\\/pl\\\/de-sociale-raadsvrouw-pl\\\/ksiazka-rachunkowa-to-wymierne-oszczednosci\\\/\"},\"wordCount\":122,\"image\":{\"@id\":\"https:\\\/\\\/bmwvoorelkaar.nl\\\/pl\\\/de-sociale-raadsvrouw-pl\\\/ksiazka-rachunkowa-to-wymierne-oszczednosci\\\/#primaryimage\"},\"thumbnailUrl\":\"https:\\\/\\\/bmwvoorelkaar.nl\\\/wp-content\\\/uploads\\\/2022\\\/03\\\/shutterstock_1575538951.jpg\",\"articleSection\":[\"De Sociale Raadsvrouw\"],\"inLanguage\":\"pl-PL\"},{\"@type\":\"WebPage\",\"@id\":\"https:\\\/\\\/bmwvoorelkaar.nl\\\/pl\\\/de-sociale-raadsvrouw-pl\\\/ksiazka-rachunkowa-to-wymierne-oszczednosci\\\/\",\"url\":\"https:\\\/\\\/bmwvoorelkaar.nl\\\/pl\\\/de-sociale-raadsvrouw-pl\\\/ksiazka-rachunkowa-to-wymierne-oszczednosci\\\/\",\"name\":\"Ksi\u0105\u017cka rachunkowa to wymierne oszcz\u0119dno\u015bci! - BMW Voor Elkaar\",\"isPartOf\":{\"@id\":\"https:\\\/\\\/bmwvoorelkaar.nl\\\/pl\\\/#website\"},\"primaryImageOfPage\":{\"@id\":\"https:\\\/\\\/bmwvoorelkaar.nl\\\/pl\\\/de-sociale-raadsvrouw-pl\\\/ksiazka-rachunkowa-to-wymierne-oszczednosci\\\/#primaryimage\"},\"image\":{\"@id\":\"https:\\\/\\\/bmwvoorelkaar.nl\\\/pl\\\/de-sociale-raadsvrouw-pl\\\/ksiazka-rachunkowa-to-wymierne-oszczednosci\\\/#primaryimage\"},\"thumbnailUrl\":\"https:\\\/\\\/bmwvoorelkaar.nl\\\/wp-content\\\/uploads\\\/2022\\\/03\\\/shutterstock_1575538951.jpg\",\"datePublished\":\"2023-07-01T07:00:21+00:00\",\"author\":{\"@id\":\"https:\\\/\\\/bmwvoorelkaar.nl\\\/pl\\\/#\\\/schema\\\/person\\\/d5b662a32d1b510d9f2741b9f0705532\"},\"breadcrumb\":{\"@id\":\"https:\\\/\\\/bmwvoorelkaar.nl\\\/pl\\\/de-sociale-raadsvrouw-pl\\\/ksiazka-rachunkowa-to-wymierne-oszczednosci\\\/#breadcrumb\"},\"inLanguage\":\"pl-PL\",\"potentialAction\":[{\"@type\":\"ReadAction\",\"target\":[\"https:\\\/\\\/bmwvoorelkaar.nl\\\/pl\\\/de-sociale-raadsvrouw-pl\\\/ksiazka-rachunkowa-to-wymierne-oszczednosci\\\/\"]}]},{\"@type\":\"ImageObject\",\"inLanguage\":\"pl-PL\",\"@id\":\"https:\\\/\\\/bmwvoorelkaar.nl\\\/pl\\\/de-sociale-raadsvrouw-pl\\\/ksiazka-rachunkowa-to-wymierne-oszczednosci\\\/#primaryimage\",\"url\":\"https:\\\/\\\/bmwvoorelkaar.nl\\\/wp-content\\\/uploads\\\/2022\\\/03\\\/shutterstock_1575538951.jpg\",\"contentUrl\":\"https:\\\/\\\/bmwvoorelkaar.nl\\\/wp-content\\\/uploads\\\/2022\\\/03\\\/shutterstock_1575538951.jpg\",\"width\":1800,\"height\":1200},{\"@type\":\"BreadcrumbList\",\"@id\":\"https:\\\/\\\/bmwvoorelkaar.nl\\\/pl\\\/de-sociale-raadsvrouw-pl\\\/ksiazka-rachunkowa-to-wymierne-oszczednosci\\\/#breadcrumb\",\"itemListElement\":[{\"@type\":\"ListItem\",\"position\":1,\"name\":\"BMW\",\"item\":\"https:\\\/\\\/bmwvoorelkaar.nl\\\/pl\\\/\"},{\"@type\":\"ListItem\",\"position\":2,\"name\":\"Regulamin i postanowienia 2023\",\"item\":\"https:\\\/\\\/bmwvoorelkaar.nl\\\/pl\\\/\"},{\"@type\":\"ListItem\",\"position\":3,\"name\":\"Ksi\u0105\u017cka rachunkowa to wymierne oszcz\u0119dno\u015bci!\"}]},{\"@type\":\"WebSite\",\"@id\":\"https:\\\/\\\/bmwvoorelkaar.nl\\\/pl\\\/#website\",\"url\":\"https:\\\/\\\/bmwvoorelkaar.nl\\\/pl\\\/\",\"name\":\"BMW Voor Elkaar\",\"description\":\"de sociale raadsvrouw\",\"potentialAction\":[{\"@type\":\"SearchAction\",\"target\":{\"@type\":\"EntryPoint\",\"urlTemplate\":\"https:\\\/\\\/bmwvoorelkaar.nl\\\/pl\\\/?s={search_term_string}\"},\"query-input\":{\"@type\":\"PropertyValueSpecification\",\"valueRequired\":true,\"valueName\":\"search_term_string\"}}],\"inLanguage\":\"pl-PL\"},{\"@type\":\"Person\",\"@id\":\"https:\\\/\\\/bmwvoorelkaar.nl\\\/pl\\\/#\\\/schema\\\/person\\\/d5b662a32d1b510d9f2741b9f0705532\",\"name\":\"cc_admin\"}]}<\/script>\n<!-- \/ Yoast SEO plugin. -->","yoast_head_json":{"title":"Ksi\u0105\u017cka rachunkowa to wymierne oszcz\u0119dno\u015bci! - BMW Voor Elkaar","robots":{"index":"index","follow":"follow","max-snippet":"max-snippet:-1","max-image-preview":"max-image-preview:large","max-video-preview":"max-video-preview:-1"},"canonical":"https:\/\/bmwvoorelkaar.nl\/pl\/de-sociale-raadsvrouw-pl\/ksiazka-rachunkowa-to-wymierne-oszczednosci\/","og_locale":"pl_PL","og_type":"article","og_title":"Ksi\u0105\u017cka rachunkowa to wymierne oszcz\u0119dno\u015bci! - BMW Voor Elkaar","og_description":"W okre\u015blonym dniu tygodnia pobieraj z konta sta\u0142\u0105 kwot\u0119, a p\u00f3\u017aniej ju\u017c \u017cadnej przez ca\u0142y tydzie\u0144. Mo\u017ce to by\u0107 na...","og_url":"https:\/\/bmwvoorelkaar.nl\/pl\/de-sociale-raadsvrouw-pl\/ksiazka-rachunkowa-to-wymierne-oszczednosci\/","og_site_name":"BMW Voor Elkaar","article_published_time":"2023-07-01T07:00:21+00:00","og_image":[{"width":1800,"height":1200,"url":"https:\/\/bmwvoorelkaar.nl\/wp-content\/uploads\/2022\/03\/shutterstock_1575538951.jpg","type":"image\/jpeg"}],"author":"cc_admin","twitter_card":"summary_large_image","twitter_misc":{"Napisane przez":"cc_admin","Szacowany czas czytania":"1 minuta"},"schema":{"@context":"https:\/\/schema.org","@graph":[{"@type":"Article","@id":"https:\/\/bmwvoorelkaar.nl\/pl\/de-sociale-raadsvrouw-pl\/ksiazka-rachunkowa-to-wymierne-oszczednosci\/#article","isPartOf":{"@id":"https:\/\/bmwvoorelkaar.nl\/pl\/de-sociale-raadsvrouw-pl\/ksiazka-rachunkowa-to-wymierne-oszczednosci\/"},"author":{"name":"cc_admin","@id":"https:\/\/bmwvoorelkaar.nl\/pl\/#\/schema\/person\/d5b662a32d1b510d9f2741b9f0705532"},"headline":"Ksi\u0105\u017cka rachunkowa to wymierne oszcz\u0119dno\u015bci!","datePublished":"2023-07-01T07:00:21+00:00","mainEntityOfPage":{"@id":"https:\/\/bmwvoorelkaar.nl\/pl\/de-sociale-raadsvrouw-pl\/ksiazka-rachunkowa-to-wymierne-oszczednosci\/"},"wordCount":122,"image":{"@id":"https:\/\/bmwvoorelkaar.nl\/pl\/de-sociale-raadsvrouw-pl\/ksiazka-rachunkowa-to-wymierne-oszczednosci\/#primaryimage"},"thumbnailUrl":"https:\/\/bmwvoorelkaar.nl\/wp-content\/uploads\/2022\/03\/shutterstock_1575538951.jpg","articleSection":["De Sociale Raadsvrouw"],"inLanguage":"pl-PL"},{"@type":"WebPage","@id":"https:\/\/bmwvoorelkaar.nl\/pl\/de-sociale-raadsvrouw-pl\/ksiazka-rachunkowa-to-wymierne-oszczednosci\/","url":"https:\/\/bmwvoorelkaar.nl\/pl\/de-sociale-raadsvrouw-pl\/ksiazka-rachunkowa-to-wymierne-oszczednosci\/","name":"Ksi\u0105\u017cka rachunkowa to wymierne oszcz\u0119dno\u015bci! - BMW Voor Elkaar","isPartOf":{"@id":"https:\/\/bmwvoorelkaar.nl\/pl\/#website"},"primaryImageOfPage":{"@id":"https:\/\/bmwvoorelkaar.nl\/pl\/de-sociale-raadsvrouw-pl\/ksiazka-rachunkowa-to-wymierne-oszczednosci\/#primaryimage"},"image":{"@id":"https:\/\/bmwvoorelkaar.nl\/pl\/de-sociale-raadsvrouw-pl\/ksiazka-rachunkowa-to-wymierne-oszczednosci\/#primaryimage"},"thumbnailUrl":"https:\/\/bmwvoorelkaar.nl\/wp-content\/uploads\/2022\/03\/shutterstock_1575538951.jpg","datePublished":"2023-07-01T07:00:21+00:00","author":{"@id":"https:\/\/bmwvoorelkaar.nl\/pl\/#\/schema\/person\/d5b662a32d1b510d9f2741b9f0705532"},"breadcrumb":{"@id":"https:\/\/bmwvoorelkaar.nl\/pl\/de-sociale-raadsvrouw-pl\/ksiazka-rachunkowa-to-wymierne-oszczednosci\/#breadcrumb"},"inLanguage":"pl-PL","potentialAction":[{"@type":"ReadAction","target":["https:\/\/bmwvoorelkaar.nl\/pl\/de-sociale-raadsvrouw-pl\/ksiazka-rachunkowa-to-wymierne-oszczednosci\/"]}]},{"@type":"ImageObject","inLanguage":"pl-PL","@id":"https:\/\/bmwvoorelkaar.nl\/pl\/de-sociale-raadsvrouw-pl\/ksiazka-rachunkowa-to-wymierne-oszczednosci\/#primaryimage","url":"https:\/\/bmwvoorelkaar.nl\/wp-content\/uploads\/2022\/03\/shutterstock_1575538951.jpg","contentUrl":"https:\/\/bmwvoorelkaar.nl\/wp-content\/uploads\/2022\/03\/shutterstock_1575538951.jpg","width":1800,"height":1200},{"@type":"BreadcrumbList","@id":"https:\/\/bmwvoorelkaar.nl\/pl\/de-sociale-raadsvrouw-pl\/ksiazka-rachunkowa-to-wymierne-oszczednosci\/#breadcrumb","itemListElement":[{"@type":"ListItem","position":1,"name":"BMW","item":"https:\/\/bmwvoorelkaar.nl\/pl\/"},{"@type":"ListItem","position":2,"name":"Regulamin i postanowienia 2023","item":"https:\/\/bmwvoorelkaar.nl\/pl\/"},{"@type":"ListItem","position":3,"name":"Ksi\u0105\u017cka rachunkowa to wymierne oszcz\u0119dno\u015bci!"}]},{"@type":"WebSite","@id":"https:\/\/bmwvoorelkaar.nl\/pl\/#website","url":"https:\/\/bmwvoorelkaar.nl\/pl\/","name":"BMW Voor Elkaar","description":"de sociale raadsvrouw","potentialAction":[{"@type":"SearchAction","target":{"@type":"EntryPoint","urlTemplate":"https:\/\/bmwvoorelkaar.nl\/pl\/?s={search_term_string}"},"query-input":{"@type":"PropertyValueSpecification","valueRequired":true,"valueName":"search_term_string"}}],"inLanguage":"pl-PL"},{"@type":"Person","@id":"https:\/\/bmwvoorelkaar.nl\/pl\/#\/schema\/person\/d5b662a32d1b510d9f2741b9f0705532","name":"cc_admin"}]}},"_links":{"self":[{"href":"https:\/\/bmwvoorelkaar.nl\/pl\/wp-json\/wp\/v2\/posts\/4668","targetHints":{"allow":["GET"]}}],"collection":[{"href":"https:\/\/bmwvoorelkaar.nl\/pl\/wp-json\/wp\/v2\/posts"}],"about":[{"href":"https:\/\/bmwvoorelkaar.nl\/pl\/wp-json\/wp\/v2\/types\/post"}],"author":[{"embeddable":true,"href":"https:\/\/bmwvoorelkaar.nl\/pl\/wp-json\/wp\/v2\/users\/1"}],"replies":[{"embeddable":true,"href":"https:\/\/bmwvoorelkaar.nl\/pl\/wp-json\/wp\/v2\/comments?post=4668"}],"version-history":[{"count":0,"href":"https:\/\/bmwvoorelkaar.nl\/pl\/wp-json\/wp\/v2\/posts\/4668\/revisions"}],"wp:featuredmedia":[{"embeddable":true,"href":"https:\/\/bmwvoorelkaar.nl\/pl\/wp-json\/wp\/v2\/media\/3765"}],"wp:attachment":[{"href":"https:\/\/bmwvoorelkaar.nl\/pl\/wp-json\/wp\/v2\/media?parent=4668"}],"wp:term":[{"taxonomy":"category","embeddable":true,"href":"https:\/\/bmwvoorelkaar.nl\/pl\/wp-json\/wp\/v2\/categories?post=4668"},{"taxonomy":"post_tag","embeddable":true,"href":"https:\/\/bmwvoorelkaar.nl\/pl\/wp-json\/wp\/v2\/tags?post=4668"}],"curies":[{"name":"wp","href":"https:\/\/api.w.org\/{rel}","templated":true}]}}